{"id":2717,"date":"2023-10-19T12:07:25","date_gmt":"2023-10-19T12:07:25","guid":{"rendered":"https:\/\/blogs.cervantes.es\/retablo-centenario\/?p=2717"},"modified":"2023-10-19T12:11:31","modified_gmt":"2023-10-19T12:11:31","slug":"el-retablo-cobra-vida","status":"publish","type":"post","link":"https:\/\/blogs.cervantes.es\/retablo-centenario\/2023\/10\/19\/el-retablo-cobra-vida\/","title":{"rendered":"El retablo cobra vida"},"content":{"rendered":"\n<p><em>El retablo de maese Pedro<\/em> comenz\u00f3 a circular por los principales teatros europeos y americanos, casi siempre bajo la atenta vigilancia de Manuel de Falla. Adem\u00e1s de la gira espa\u00f1ola organizada por \u00e9l mismo con la Orquesta B\u00e9tica de C\u00e1mara, en la que Hermenegildo Lanz asumi\u00f3 la responsabilidad de la realizaci\u00f3n esc\u00e9nica, la obra pudo verse, entre otros lugares, en Bristol, Nueva York, Z\u00farich, \u00c1msterdam, Colonia, Berl\u00edn, Londres, Chicago, Venecia, Bruselas, Florencia, Madrid, Roma, Buenos Aires\u2026 Mu\u00f1ecos de diferente tama\u00f1o, figuras de hilo o actores con caretas fueron algunas de las soluciones adoptadas por los artistas que recrearon la historia. Entre ellos se encuentran grandes nombres, como los titiriteros Remo Bufano y Vittorio Podrecca, el escultor Carl Fischer, el cineasta Luis Bu\u00f1uel, o los pintores Cleon Throckmorton, Otto Morach, H\u00e9ctor Basald\u00faa, Enrico Prampolini, Manuel \u00c1ngeles Ortiz, Hernando Vi\u00f1es e Ignacio Zuloaga.<\/p>\n\n\n\n<p>Tras el fallecimiento de Falla, los personajes de <em>El retablo de maese Pedro<\/em> continuaron su viaje por el mundo, retando a m\u00fasicos y artistas a la realizaci\u00f3n de nuevas producciones que no han dejado de sorprender. Escen\u00f3grafos y directores art\u00edsticos han empleado diversas t\u00e9cnicas de animaci\u00f3n, como dibujos, proyecciones o sombras, obligando al Quijote a trascender su realidad. Miquel Barcel\u00f3&nbsp; presenta un caballero fantasmal en un espacio lleno de excrementos de paloma, con grandes insectos que hacen las veces de t\u00edteres; Antonio Saura se vale de personajes no figurativos, inscritos en unas orlas que evocan las arquitecturas ef\u00edmeras del barroco; Javier Mariscal proyecta sus dibujos en un <em>Retablo<\/em> que adquiere las formas de tebeo; y Enrique Lanz propone una visi\u00f3n grandiosa de la obra, con un Quijote de ocho metros movido por sirgas, como si desplegaran las velas de una funci\u00f3n monumental.<\/p>\n\n\n\n<p>A menudo se ha afirmado que, con su <em>Retablo<\/em>, Falla hab\u00eda dado una segunda inmortalidad al Quijote. Ciertamente es as\u00ed, pues, como se\u00f1al\u00f3 Mar\u00eda Zambrano, esta obra \u00abno es un presente que evoca el pasado; es un pasado que se adelanta hasta el presente\u00bb. En virtud de esa misma \u00aboperaci\u00f3n m\u00e1gica\u00bb, son muchos los artistas que han renovado la imagen pl\u00e1stica del Quijote, tomando como punto de partida la m\u00fasica de Manuel de Falla.<\/p>\n\n\n\n<p>Torres Clemente, Elena. Folleto para la exposici\u00f3n<em> El pasado presente. Manuel de Falla<\/em>. El retablo de maese Pedro, <em>1923-2023<\/em>. Granada, junio 2023. (Se puede consultar aqu\u00ed: <a href=\"https:\/\/bit.ly\/46N0i2U\">https:\/\/bit.ly\/46N0i2U<\/a>)<\/p>\n\n\n\n<figure class=\"wp-block-image size-large is-resized\"><img decoding=\"async\" loading=\"lazy\" src=\"https:\/\/blogs.cervantes.es\/retablo-centenario\/files\/2023\/10\/Titeres_Otto_Morach_Zurich_1926_rrss-1024x1024.jpg\" alt=\"\" class=\"wp-image-2726\" width=\"512\" height=\"512\" srcset=\"https:\/\/blogs.cervantes.es\/retablo-centenario\/files\/2023\/10\/Titeres_Otto_Morach_Zurich_1926_rrss-1024x1024.jpg 1024w, https:\/\/blogs.cervantes.es\/retablo-centenario\/files\/2023\/10\/Titeres_Otto_Morach_Zurich_1926_rrss-300x300.jpg 300w, https:\/\/blogs.cervantes.es\/retablo-centenario\/files\/2023\/10\/Titeres_Otto_Morach_Zurich_1926_rrss-150x150.jpg 150w, https:\/\/blogs.cervantes.es\/retablo-centenario\/files\/2023\/10\/Titeres_Otto_Morach_Zurich_1926_rrss-768x768.jpg 768w, https:\/\/blogs.cervantes.es\/retablo-centenario\/files\/2023\/10\/Titeres_Otto_Morach_Zurich_1926_rrss.jpg 1080w\" sizes=\"(max-width: 512px) 100vw, 512px\" \/><figcaption class=\"wp-element-caption\">T\u00edteres dise\u00f1ados por Otto Morach y realizados por Carl Fischer para la producci\u00f3n del Schweizerisches Marionettentheather. Z\u00farich, junio de 1926. <br>Archivo Manuel de Falla.<\/figcaption><\/figure>\n","protected":false},"excerpt":{"rendered":"<p>Los personajes de &#8216;El retablo&#8217; continuaron su viaje por el mundo, retando a m\u00fasicos y artistas a la realizaci\u00f3n de nuevas producciones que no han dejado de sorprender. <\/p>\n","protected":false},"author":389,"featured_media":2726,"comment_status":"open","ping_status":"open","sticky":false,"template":"","format":"standard","meta":{"ngg_post_thumbnail":0},"categories":[1],"tags":[38,44,3,35,50,41],"aioseo_notices":[],"_links":{"self":[{"href":"https:\/\/blogs.cervantes.es\/retablo-centenario\/wp-json\/wp\/v2\/posts\/2717"}],"collection":[{"href":"https:\/\/blogs.cervantes.es\/retablo-centenario\/wp-json\/wp\/v2\/posts"}],"about":[{"href":"https:\/\/blogs.cervantes.es\/retablo-centenario\/wp-json\/wp\/v2\/types\/post"}],"author":[{"embeddable":true,"href":"https:\/\/blogs.cervantes.es\/retablo-centenario\/wp-json\/wp\/v2\/users\/389"}],"replies":[{"embeddable":true,"href":"https:\/\/blogs.cervantes.es\/retablo-centenario\/wp-json\/wp\/v2\/comments?post=2717"}],"version-history":[{"count":3,"href":"https:\/\/blogs.cervantes.es\/retablo-centenario\/wp-json\/wp\/v2\/posts\/2717\/revisions"}],"predecessor-version":[{"id":2732,"href":"https:\/\/blogs.cervantes.es\/retablo-centenario\/wp-json\/wp\/v2\/posts\/2717\/revisions\/2732"}],"wp:featuredmedia":[{"embeddable":true,"href":"https:\/\/blogs.cervantes.es\/retablo-centenario\/wp-json\/wp\/v2\/media\/2726"}],"wp:attachment":[{"href":"https:\/\/blogs.cervantes.es\/retablo-centenario\/wp-json\/wp\/v2\/media?parent=2717"}],"wp:term":[{"taxonomy":"category","embeddable":true,"href":"https:\/\/blogs.cervantes.es\/retablo-centenario\/wp-json\/wp\/v2\/categories?post=2717"},{"taxonomy":"post_tag","embeddable":true,"href":"https:\/\/blogs.cervantes.es\/retablo-centenario\/wp-json\/wp\/v2\/tags?post=2717"}],"curies":[{"name":"wp","href":"https:\/\/api.w.org\/{rel}","templated":true}]}}