{"id":2813,"date":"2023-11-17T08:40:13","date_gmt":"2023-11-17T08:40:13","guid":{"rendered":"https:\/\/blogs.cervantes.es\/retablo-centenario\/?p=2813"},"modified":"2024-04-18T07:26:14","modified_gmt":"2024-04-18T07:26:14","slug":"de-las-reuniones-del-grupo-de-los-apaches-a-las-recepciones-en-casa-de-la-princesa-edmond-de-polignac","status":"publish","type":"post","link":"https:\/\/blogs.cervantes.es\/retablo-centenario\/2023\/11\/17\/de-las-reuniones-del-grupo-de-los-apaches-a-las-recepciones-en-casa-de-la-princesa-edmond-de-polignac\/","title":{"rendered":"De las reuniones del grupo de los Apaches a las recepciones en casa de la princesa Edmond de Polignac"},"content":{"rendered":"\n<p class=\"has-small-font-size\" style=\"font-style:normal;font-weight:100\">El 18 de diciembre de 2023 fue presentado el libro <em>Cu\u00e1ntas trompetas que suenan\u2026<\/em> Estos \u00faltimos Apuntes del a\u00f1o est\u00e1n dedicados a cada uno de los cap\u00edtulos de esta monograf\u00eda. Seleccionamos aqu\u00ed dos p\u00e1rrafos del cap\u00edtulo de Myriam Chim\u00e8nes titulado \u00abDe las reuniones del grupo de los Apaches a las recepciones en casa de la princesa Edmond de Polignac\u00bb.<\/p>\n\n\n\n<figure class=\"wp-block-image size-full\"><img decoding=\"async\" loading=\"lazy\" width=\"744\" height=\"747\" src=\"https:\/\/blogs.cervantes.es\/retablo-centenario\/files\/2023\/11\/Manuel_de_Falla_en_Paris.jpg\" alt=\"\" class=\"wp-image-2816\" srcset=\"https:\/\/blogs.cervantes.es\/retablo-centenario\/files\/2023\/11\/Manuel_de_Falla_en_Paris.jpg 744w, https:\/\/blogs.cervantes.es\/retablo-centenario\/files\/2023\/11\/Manuel_de_Falla_en_Paris-300x300.jpg 300w, https:\/\/blogs.cervantes.es\/retablo-centenario\/files\/2023\/11\/Manuel_de_Falla_en_Paris-150x150.jpg 150w\" sizes=\"(max-width: 744px) 100vw, 744px\" \/><figcaption class=\"wp-element-caption\">Manuel de Falla. Par\u00eds, diciembre de 1923. Archivo Manuel de Falla, Granada.<\/figcaption><\/figure>\n\n\n\n<p>Como muchos m\u00fasicos extranjeros, Manuel de Falla pas\u00f3 largas estancias en Par\u00eds, donde vivi\u00f3 durante siete a\u00f1os, desde el verano de 1907 hasta el de 1914, y adonde volvi\u00f3 espor\u00e1dicamente despu\u00e9s de la guerra. En la primera mitad del siglo XX este proceso no era nada ins\u00f3lito. Hubo otros compositores e int\u00e9rpretes que, al igual que Falla, eligieron la capital francesa como domicilio durante per\u00edodos de mayor o menor extensi\u00f3n. Destacan los casos de Ricardo Vi\u00f1es, George Enescu, Igor Stravinsky, Sergey Prokofiev, Lina Cavalieri o Pablo Casals, que sintieron la atracci\u00f3n de la que era \u00abcapital del mundo cultural\u00bb. Casals hab\u00eda seguido el consejo de Fran\u00e7ois Gevaert, director del Conservatorio de Bruselas: \u00abLo que necesita usted es ante todo escuchar m\u00fasica, toda la m\u00fasica que pueda. [\u2026] El actual centro de la m\u00fasica es Par\u00eds. Es adonde tiene que ir\u00bb. Por su parte, Falla atendi\u00f3 al de Felipe Pedrell, que le escribi\u00f3 en 1905: \u00abSu viaje a Par\u00eds ser\u00eda ahora muy oportuno por muchos conceptos, para que oyese V. m\u00fasica, se diese a conocer como pianista\u00bb.<\/p>\n\n\n\n<p>En esa \u00e9poca, la alta sociedad de Par\u00eds, una \u00e9lite aristocr\u00e1tica y burguesa, segu\u00eda desempe\u00f1ando un papel importante en la vida musical, y la m\u00fasica ocupaba un lugar preferente en los salones. En el calendario de los int\u00e9rpretes profesionales, los conciertos en los salones rayaban a la misma altura que los de car\u00e1cter p\u00fablico. Para los compositores, los salones eran lugares estrat\u00e9gicos para la difusi\u00f3n de sus obras. Los an\ufb01triones, aut\u00e9nticos mediadores, tambi\u00e9n contribu\u00edan a la inserci\u00f3n de los m\u00fasicos extranjeros. Vi\u00f1es es un ejemplo perfecto. Gracias a \u00e9l, Falla conoci\u00f3 a Ravel, Florent Schmitt, Roland-Manuel, Maurice Delage y Dimitri Calvocoressi, por citar a los m\u00e1s destacados, y se vio arrastrado de inmediato a las reuniones del grupo de los Apaches. Tambi\u00e9n le debi\u00f3 a Vi\u00f1es su presencia en los m\u00e1s reputados salones musicales. Desde las reuniones de los Apaches hasta los conciertos organizados en las residencias de la princesa Edmond de Polignac.<\/p>\n\n\n\n<p class=\"has-small-font-size\" style=\"font-style:normal;font-weight:100\">Extracto del cap\u00edtulo de Myriam Chim\u00e8nes titulado \u00abDe las reuniones del grupo de los Apaches a las recepciones en casa de la princesa Edmond de Polignac\u00bb para el libro <em>Cu\u00e1ntas trompetas que suenan\u2026<\/em>, conmemorativo del centenario del estreno de <em>El retablo de maese Pedro<\/em>. Disponible en la <a href=\"https:\/\/tienda.manueldefalla.com\/inicio\/cuantas-trompetas-que-suenan-el-retablo-de-maese-pedro-un-nuevo-manuel-de-falla-entra-en-escena-1923-2023-167.html\" target=\"_blank\" rel=\"noreferrer noopener\">tienda de la web del Archivo Manuel de Falla<\/a>.<\/p>\n","protected":false},"excerpt":{"rendered":"<p>\u00abLo que necesita usted es ante todo escuchar m\u00fasica, toda la m\u00fasica que pueda. [\u2026] El actual centro de la m\u00fasica es Par\u00eds. Es adonde tiene que ir\u00bb.<\/p>\n","protected":false},"author":389,"featured_media":2816,"comment_status":"open","ping_status":"open","sticky":false,"template":"","format":"standard","meta":{"ngg_post_thumbnail":0},"categories":[1],"tags":[83,44,59,3,77,74,80,41],"aioseo_notices":[],"_links":{"self":[{"href":"https:\/\/blogs.cervantes.es\/retablo-centenario\/wp-json\/wp\/v2\/posts\/2813"}],"collection":[{"href":"https:\/\/blogs.cervantes.es\/retablo-centenario\/wp-json\/wp\/v2\/posts"}],"about":[{"href":"https:\/\/blogs.cervantes.es\/retablo-centenario\/wp-json\/wp\/v2\/types\/post"}],"author":[{"embeddable":true,"href":"https:\/\/blogs.cervantes.es\/retablo-centenario\/wp-json\/wp\/v2\/users\/389"}],"replies":[{"embeddable":true,"href":"https:\/\/blogs.cervantes.es\/retablo-centenario\/wp-json\/wp\/v2\/comments?post=2813"}],"version-history":[{"count":6,"href":"https:\/\/blogs.cervantes.es\/retablo-centenario\/wp-json\/wp\/v2\/posts\/2813\/revisions"}],"predecessor-version":[{"id":3170,"href":"https:\/\/blogs.cervantes.es\/retablo-centenario\/wp-json\/wp\/v2\/posts\/2813\/revisions\/3170"}],"wp:featuredmedia":[{"embeddable":true,"href":"https:\/\/blogs.cervantes.es\/retablo-centenario\/wp-json\/wp\/v2\/media\/2816"}],"wp:attachment":[{"href":"https:\/\/blogs.cervantes.es\/retablo-centenario\/wp-json\/wp\/v2\/media?parent=2813"}],"wp:term":[{"taxonomy":"category","embeddable":true,"href":"https:\/\/blogs.cervantes.es\/retablo-centenario\/wp-json\/wp\/v2\/categories?post=2813"},{"taxonomy":"post_tag","embeddable":true,"href":"https:\/\/blogs.cervantes.es\/retablo-centenario\/wp-json\/wp\/v2\/tags?post=2813"}],"curies":[{"name":"wp","href":"https:\/\/api.w.org\/{rel}","templated":true}]}}